{"id":4668,"date":"2025-11-26T13:07:18","date_gmt":"2025-11-26T12:07:18","guid":{"rendered":"https:\/\/www.gymnasium-wanne.de\/wordpress\/?p=4668"},"modified":"2025-11-26T13:07:20","modified_gmt":"2025-11-26T12:07:20","slug":"stufe-6-besucht-moschee","status":"publish","type":"post","link":"https:\/\/www.gymnasium-wanne.de\/wordpress\/2025\/11\/26\/stufe-6-besucht-moschee\/","title":{"rendered":"Stufe 6 besucht Moschee"},"content":{"rendered":"\n<figure class=\"wp-block-image size-large\"><img loading=\"lazy\" decoding=\"async\" width=\"1024\" height=\"768\" src=\"https:\/\/www.gymnasium-wanne.de\/wordpress\/wp-content\/uploads\/2025\/11\/Medien-2-1024x768.jpeg\" alt=\"\" class=\"wp-image-4669\" srcset=\"https:\/\/www.gymnasium-wanne.de\/wordpress\/wp-content\/uploads\/2025\/11\/Medien-2-1024x768.jpeg 1024w, https:\/\/www.gymnasium-wanne.de\/wordpress\/wp-content\/uploads\/2025\/11\/Medien-2-300x225.jpeg 300w, https:\/\/www.gymnasium-wanne.de\/wordpress\/wp-content\/uploads\/2025\/11\/Medien-2-768x576.jpeg 768w, https:\/\/www.gymnasium-wanne.de\/wordpress\/wp-content\/uploads\/2025\/11\/Medien-2-1536x1152.jpeg 1536w, https:\/\/www.gymnasium-wanne.de\/wordpress\/wp-content\/uploads\/2025\/11\/Medien-2.jpeg 1663w\" sizes=\"auto, (max-width: 1024px) 100vw, 1024px\" \/><\/figure>\n\n\n\n<p>Am Mittwoch, den 19.11.25, wurde es voll in der DITIB-Moschee an der Hauptstra\u00dfe. Die gesamte Jahrgangsstufe 6 des Gymnasiums Wanne war im Rahmen des Unterrichtsthemas \u201eWeltreligionen\u201c (PP\/Reli) in der Moschee zu Gast. Wir konnten viel \u00fcber die Einrichtung und die Regeln einer Moschee erfahren und sogar live das Mittagsgebet miterleben. Am Ende gab es sogar noch Simit und Ayran als St\u00e4rkung f\u00fcr den Weg zur\u00fcck zur Schule. Ein gelungener Ausflug, den keiner so schnell vergessen wird.<\/p>\n","protected":false},"excerpt":{"rendered":"<p>Am Mittwoch, den 19.11.25, wurde es voll in der DITIB-Moschee an der Hauptstra\u00dfe. Die gesamte Jahrgangsstufe 6 des Gymnasiums Wanne war im Rahmen des Unterrichtsthemas \u201eWeltreligionen\u201c (PP\/Reli) in der Moschee zu Gast. Wir konnten viel \u00fcber die Einrichtung und die &hellip; <a href=\"https:\/\/www.gymnasium-wanne.de\/wordpress\/2025\/11\/26\/stufe-6-besucht-moschee\/\">Weiter<\/a><\/p>\n","protected":false},"author":3,"featured_media":4669,"comment_status":"closed","ping_status":"closed","sticky":false,"template":"","format":"standard","meta":{"footnotes":""},"categories":[21],"tags":[],"class_list":["post-4668","post","type-post","status-publish","format-standard","has-post-thumbnail","hentry","category-archiv"],"publishpress_future_action":{"enabled":false,"date":"2026-05-10 13:36:26","action":"change-status","newStatus":"draft","terms":[],"taxonomy":"category","extraData":[]},"publishpress_future_workflow_manual_trigger":{"enabledWorkflows":[]},"_links":{"self":[{"href":"https:\/\/www.gymnasium-wanne.de\/wordpress\/wp-json\/wp\/v2\/posts\/4668","targetHints":{"allow":["GET"]}}],"collection":[{"href":"https:\/\/www.gymnasium-wanne.de\/wordpress\/wp-json\/wp\/v2\/posts"}],"about":[{"href":"https:\/\/www.gymnasium-wanne.de\/wordpress\/wp-json\/wp\/v2\/types\/post"}],"author":[{"embeddable":true,"href":"https:\/\/www.gymnasium-wanne.de\/wordpress\/wp-json\/wp\/v2\/users\/3"}],"replies":[{"embeddable":true,"href":"https:\/\/www.gymnasium-wanne.de\/wordpress\/wp-json\/wp\/v2\/comments?post=4668"}],"version-history":[{"count":1,"href":"https:\/\/www.gymnasium-wanne.de\/wordpress\/wp-json\/wp\/v2\/posts\/4668\/revisions"}],"predecessor-version":[{"id":4671,"href":"https:\/\/www.gymnasium-wanne.de\/wordpress\/wp-json\/wp\/v2\/posts\/4668\/revisions\/4671"}],"wp:featuredmedia":[{"embeddable":true,"href":"https:\/\/www.gymnasium-wanne.de\/wordpress\/wp-json\/wp\/v2\/media\/4669"}],"wp:attachment":[{"href":"https:\/\/www.gymnasium-wanne.de\/wordpress\/wp-json\/wp\/v2\/media?parent=4668"}],"wp:term":[{"taxonomy":"category","embeddable":true,"href":"https:\/\/www.gymnasium-wanne.de\/wordpress\/wp-json\/wp\/v2\/categories?post=4668"},{"taxonomy":"post_tag","embeddable":true,"href":"https:\/\/www.gymnasium-wanne.de\/wordpress\/wp-json\/wp\/v2\/tags?post=4668"}],"curies":[{"name":"wp","href":"https:\/\/api.w.org\/{rel}","templated":true}]}}